{"id":14434,"date":"2023-09-19T14:27:51","date_gmt":"2023-09-19T12:27:51","guid":{"rendered":"https:\/\/mendionde.fr\/?p=14434"},"modified":"2023-10-13T13:41:40","modified_gmt":"2023-10-13T11:41:40","slug":"ikastolako-kontzertua","status":"publish","type":"post","link":"https:\/\/mendionde.fr\/eu\/ikastolako-kontzertua\/","title":{"rendered":"Ikastolako kontzertua"},"content":{"rendered":"<p>Baigura Ikastolak kontzertua antolatu du Hodi Aldean Aretoan.<\/p>\n<p>19:00 \u2013 21:00: Kontzertua baino lehen, etorri ikastolara jatera eta dantzatzera. Talo eta Patxi eta konpania bertan itxaroten zaituzte. Sarrera doainik.<br \/>\n21:00etatik aurrera: Kontzertua Hodi Aldean aretoan Rakatapunk, Urtz, Janus Lester eta DJ \u00fczk\u00fcl\u00fcz programarekin.<\/p>\n<p>Sarrera 15\u20ac da (14\u20ac sarrerak aurretik erosten baduzu). 12 urtetik beherako haurrentzat doainik.<\/p>\n<p>&nbsp;<\/p>\n<p><a href=\"https:\/\/mendionde.fr\/wp-content\/uploads\/2023\/09\/PHOTO-2023-10-04-14-33-23-1-213x300.jpg\" target=\"_blank\" rel=\"noopener\"><img decoding=\"async\" class=\"alignnone wp-image-15254 size-medium\" src=\"https:\/\/mendionde.fr\/wp-content\/uploads\/2023\/09\/PHOTO-2023-10-04-14-33-23-1-213x300.jpg\" alt=\"Mairie de Mendionde\" width=\"213\" height=\"300\" srcset=\"https:\/\/mendionde.fr\/wp-content\/uploads\/2023\/09\/PHOTO-2023-10-04-14-33-23-1-213x300.jpg 213w, https:\/\/mendionde.fr\/wp-content\/uploads\/2023\/09\/PHOTO-2023-10-04-14-33-23-1-728x1024.jpg 728w, https:\/\/mendionde.fr\/wp-content\/uploads\/2023\/09\/PHOTO-2023-10-04-14-33-23-1-768x1080.jpg 768w, https:\/\/mendionde.fr\/wp-content\/uploads\/2023\/09\/PHOTO-2023-10-04-14-33-23-1-1092x1536.jpg 1092w, https:\/\/mendionde.fr\/wp-content\/uploads\/2023\/09\/PHOTO-2023-10-04-14-33-23-1.jpg 1138w\" sizes=\"(max-width: 213px) 100vw, 213px\" \/><\/a><\/p>\n","protected":false},"excerpt":{"rendered":"<p>Baigura Ikastolak kontzertua antolatu du Hodi Aldean Aretoan. 19:00 \u2013 21:00: Kontzertua baino lehen, etorri ikastolara jatera eta dantzatzera. Talo eta Patxi eta konpania bertan itxaroten zaituzte. Sarrera doainik. 21:00etatik aurrera: Kontzertua Hodi Aldean aretoan Rakatapunk, Urtz, Janus Lester eta DJ \u00fczk\u00fcl\u00fcz programarekin. Sarrera 15\u20ac da (14\u20ac sarrerak aurretik erosten baduzu). 12 urtetik beherako haurrentzat [&hellip;]<\/p>\n","protected":false},"author":1,"featured_media":15237,"comment_status":"closed","ping_status":"closed","sticky":false,"template":"","format":"standard","meta":[],"categories":[1],"tags":[],"_links":{"self":[{"href":"https:\/\/mendionde.fr\/eu\/wp-json\/wp\/v2\/posts\/14434"}],"collection":[{"href":"https:\/\/mendionde.fr\/eu\/wp-json\/wp\/v2\/posts"}],"about":[{"href":"https:\/\/mendionde.fr\/eu\/wp-json\/wp\/v2\/types\/post"}],"author":[{"embeddable":true,"href":"https:\/\/mendionde.fr\/eu\/wp-json\/wp\/v2\/users\/1"}],"replies":[{"embeddable":true,"href":"https:\/\/mendionde.fr\/eu\/wp-json\/wp\/v2\/comments?post=14434"}],"version-history":[{"count":4,"href":"https:\/\/mendionde.fr\/eu\/wp-json\/wp\/v2\/posts\/14434\/revisions"}],"predecessor-version":[{"id":15268,"href":"https:\/\/mendionde.fr\/eu\/wp-json\/wp\/v2\/posts\/14434\/revisions\/15268"}],"wp:featuredmedia":[{"embeddable":true,"href":"https:\/\/mendionde.fr\/eu\/wp-json\/wp\/v2\/media\/15237"}],"wp:attachment":[{"href":"https:\/\/mendionde.fr\/eu\/wp-json\/wp\/v2\/media?parent=14434"}],"wp:term":[{"taxonomy":"category","embeddable":true,"href":"https:\/\/mendionde.fr\/eu\/wp-json\/wp\/v2\/categories?post=14434"},{"taxonomy":"post_tag","embeddable":true,"href":"https:\/\/mendionde.fr\/eu\/wp-json\/wp\/v2\/tags?post=14434"}],"curies":[{"name":"wp","href":"https:\/\/api.w.org\/{rel}","templated":true}]}}